{"id":4128,"date":"2015-11-06T18:27:19","date_gmt":"2015-11-06T17:27:19","guid":{"rendered":"https:\/\/www.studieren-ohne-grenzen.org\/?p=4128"},"modified":"2015-11-06T18:27:19","modified_gmt":"2015-11-06T17:27:19","slug":"gruesse-von-elias","status":"publish","type":"post","link":"https:\/\/old.studieren-ohne-grenzen.org\/fr\/gruesse-von-elias\/","title":{"rendered":"(Deutsch) Gr\u00fc\u00dfe von Elias"},"content":{"rendered":"<p>Nous \u00e9tant les b\u00e9n\u00e9ficiaires de la bourse d\u2019\u00c9tude Sans Fronti\u00e8res a Kindu, nous serons en mesure de changer ce pays avec les connaissances acquissent a l\u2019universit\u00e9.<\/p>\n<p>Nous serons capables de le changer de fa\u00e7on que, nous fournissons toutes nos efforts pour que nous soyons un jour les repr\u00e9sentants de ce pays. Avec nos r\u00e9alisations de nos projets d\u2019\u00e9tudes, Les id\u00e9es nouvelles, la soci\u00e9t\u00e9 congolaise aura le changement.\u00a0Nous avons des id\u00e9es qui vont permettre ala soci\u00e9t\u00e9 vuln\u00e9rable de changer leur mani\u00e8re de vivre \u00e0 la communaut\u00e9. Et toutes ces id\u00e9es que nous avons, proviennent moyennant l\u2019effort d\u2019une organisation allemande qui est ESF, a fait pour que nous soyons des cadres universitaires pour \u00eatre les dirigeant du Congo de demain.<\/p>\n<p>Notre souci est d\u2019abord de terminer nos \u00e9tudes et puis d\u2019avoir des id\u00e9es nouvelles d\u2019ensemble qui vont permettre aux populations vuln\u00e9rables de changer leurs vies mis\u00e9rable vis-\u00e0-vis ala soci\u00e9t\u00e9. Avec les\u00a0id\u00e9es que nous avons, nous allons fournir toute nos efforts pour que la\u00a0soci\u00e9t\u00e9 congolaise aura le changement.<\/p>\n<p>Ceux qui sont aujourd\u2019hui au pouvoir ne serons jamais c\u2019est nous qui vont les remplacer avec cette capacit\u00e9 que nous avons eu a travers ESF avec l\u2019id\u00e9e qui la con\u00e7u pour nous qui b\u00e9n\u00e9ficient cette bourse qu\u2019un jour tout un chacun ou chacune se prendre en charge et contribue au d\u00e9veloppement de la soci\u00e9t\u00e9 congolaise. Apr\u00e8s nos \u00e9tudes tous ce que nous sommes entre de parler seront appliqu\u00e9s et on continuera toujours \u00e0 respecter l\u2019ESF partout au monde. C\u2019est gr\u00e2ce \u00e0 l\u2019ESF que nous sortirons de grand monsieur dans ce pays. Je conclu en disant un mot de remerciement vers l\u2019\u00c9tude Sans Fronti\u00e8res qui est mon soutient d\u00e9s le d\u00e9but de l\u2019ann\u00e9e acad\u00e9miques jusqu\u2019aujourd\u2019hui entre les mains d\u2019ESF.<\/p>","protected":false},"excerpt":{"rendered":"<p>Nous \u00e9tant les b\u00e9n\u00e9ficiaires de la bourse d\u2019\u00c9tude Sans Fronti\u00e8res a Kindu, nous serons en mesure de changer ce pays avec les connaissances acquissent a l\u2019universit\u00e9. Nous serons capables de le changer de fa\u00e7on que, nous fournissons toutes nos efforts pour que nous soyons un jour les repr\u00e9sentants de ce pays. Avec nos r\u00e9alisations de nos projets d\u2019\u00e9tudes, Les id\u00e9es nouvelles, la soci\u00e9t\u00e9 congolaise aura le changement.\u00a0Nous avons des id\u00e9es qui vont permettre ala soci\u00e9t\u00e9 vuln\u00e9rable de changer leur mani\u00e8re de vivre \u00e0 la communaut\u00e9. Et toutes ces id\u00e9es que nous avons, proviennent moyennant l\u2019effort d\u2019une organisation allemande qui est ESF, a fait pour que nous soyons des cadres universitaires pour \u00eatre les dirigeant du Congo de demain. Notre souci est d\u2019abord de terminer nos \u00e9tudes et puis d\u2019avoir des id\u00e9es nouvelles d\u2019ensemble qui vont permettre aux populations vuln\u00e9rables de changer leurs vies mis\u00e9rable vis-\u00e0-vis ala soci\u00e9t\u00e9. Avec les\u00a0id\u00e9es que nous avons, nous allons fournir toute nos efforts pour que la\u00a0soci\u00e9t\u00e9 congolaise aura le changement. Ceux qui sont aujourd\u2019hui au pouvoir ne serons jamais c\u2019est nous qui vont les remplacer avec cette capacit\u00e9 que nous avons eu a travers ESF avec l\u2019id\u00e9e qui la con\u00e7u pour nous qui b\u00e9n\u00e9ficient cette bourse qu\u2019un jour tout un chacun ou chacune se prendre en charge et contribue au d\u00e9veloppement de la soci\u00e9t\u00e9 congolaise. Apr\u00e8s nos \u00e9tudes tous ce que nous sommes entre de parler seront appliqu\u00e9s et on continuera toujours \u00e0 respecter l\u2019ESF partout au monde. C\u2019est gr\u00e2ce \u00e0 l\u2019ESF que nous sortirons de grand monsieur dans ce pays. Je conclu en disant un mot de remerciement vers l\u2019\u00c9tude Sans Fronti\u00e8res qui est mon soutient d\u00e9s le d\u00e9but de l\u2019ann\u00e9e acad\u00e9miques jusqu\u2019aujourd\u2019hui entre les mains d\u2019ESF.<\/p>\n","protected":false},"author":35,"featured_media":0,"comment_status":"closed","ping_status":"open","sticky":false,"template":"","format":"standard","meta":{"ngg_post_thumbnail":0},"categories":[32,1],"tags":[],"_links":{"self":[{"href":"https:\/\/old.studieren-ohne-grenzen.org\/fr\/wp-json\/wp\/v2\/posts\/4128"}],"collection":[{"href":"https:\/\/old.studieren-ohne-grenzen.org\/fr\/wp-json\/wp\/v2\/posts"}],"about":[{"href":"https:\/\/old.studieren-ohne-grenzen.org\/fr\/wp-json\/wp\/v2\/types\/post"}],"author":[{"embeddable":true,"href":"https:\/\/old.studieren-ohne-grenzen.org\/fr\/wp-json\/wp\/v2\/users\/35"}],"replies":[{"embeddable":true,"href":"https:\/\/old.studieren-ohne-grenzen.org\/fr\/wp-json\/wp\/v2\/comments?post=4128"}],"version-history":[{"count":2,"href":"https:\/\/old.studieren-ohne-grenzen.org\/fr\/wp-json\/wp\/v2\/posts\/4128\/revisions"}],"predecessor-version":[{"id":4131,"href":"https:\/\/old.studieren-ohne-grenzen.org\/fr\/wp-json\/wp\/v2\/posts\/4128\/revisions\/4131"}],"wp:attachment":[{"href":"https:\/\/old.studieren-ohne-grenzen.org\/fr\/wp-json\/wp\/v2\/media?parent=4128"}],"wp:term":[{"taxonomy":"category","embeddable":true,"href":"https:\/\/old.studieren-ohne-grenzen.org\/fr\/wp-json\/wp\/v2\/categories?post=4128"},{"taxonomy":"post_tag","embeddable":true,"href":"https:\/\/old.studieren-ohne-grenzen.org\/fr\/wp-json\/wp\/v2\/tags?post=4128"}],"curies":[{"name":"wp","href":"https:\/\/api.w.org\/{rel}","templated":true}]}}