{"id":4124,"date":"2015-11-06T17:15:09","date_gmt":"2015-11-06T16:15:09","guid":{"rendered":"https:\/\/www.studieren-ohne-grenzen.org\/?p=4124"},"modified":"2015-11-06T17:56:43","modified_gmt":"2015-11-06T16:56:43","slug":"isaac-berichtet","status":"publish","type":"post","link":"https:\/\/old.studieren-ohne-grenzen.org\/fr\/isaac-berichtet\/","title":{"rendered":"(Deutsch) Isaac berichtet"},"content":{"rendered":"<p>Salue tout le monde!<\/p>\n<p>Je m\u2019appelle Isaac KINGOMBE VELE, jeune congolais\u00a0; j\u2019habite Kindu chef-lieu de la province du Maniema en R\u00e9publique d\u00e9mocratique du Congo j\u2019ai 28 ans\u00a0; je suis \u00e9tudiant en premi\u00e8re ann\u00e9e de Licence option faune et flore d\u00e9partement de gestion des ressources naturelles et renouvelables,\u00a0 facult\u00e9 d\u2019Agronomie de l\u2019universit\u00e9 de Kindu.<\/p>\n<p>Je parle 4 langues\u00a0: Fran\u00e7ais, swahili, lingala et un peu l\u2019anglais.<\/p>\n<p>A l\u2019universit\u00e9, ma mati\u00e8re pr\u00e9f\u00e9r\u00e9e est\u00a0: la dynamique des syst\u00e8mes environnementaux et reboisement car la gestion des ressources naturelles, la protection de la nature et des esp\u00e8ces sont devenues un enjeu important alors que l\u2019humanit\u00e9 s\u2019\u00e9tend d\u00e9mographiquement et termes d\u2019empreinte \u00e9cologique.<\/p>\n<p>Je souhaite devenir gestionnaire des ressources naturelles plus tard et professeur d\u2019universit\u00e9.<\/p>\n<p>Mon projet personnel est l\u2019\u00e9levage des poules et abeilles ou \u00ab\u00a0APICULTURE\u00a0\u00bb. C\u2019est une id\u00e9e qui va contribuer \u00e0 l\u2019am\u00e9lioration des conditions de vies des m\u00e9nages, promouvoir l\u2019entrepreneuriat et procurer \u00e0 la population un miel de bonne qualit\u00e9.<\/p>\n<p>Dans ma vie j\u2019aime faire les d\u00e9couvertes et d\u2019une am\u00e9lioration de moi-m\u00eame pour aider les autres \u00e0 \u00eatre heureux. Je reste ouvert \u00e0 toute opportunit\u00e9 qui se pr\u00e9sente \u00e0 moi et qui me permet de vivre de nouvelles exp\u00e9riences\u00a0; autres choses\u00a0: j\u2019aime la musique, la sinc\u00e9rit\u00e9, la transparence\u2026 Je m\u2019accepte comme je suis.<\/p>\n<p>Enfin pour n\u2019est pas \u00eatre dans les mailles tr\u00e8s s\u00e9r\u00e9 du filet d\u2019ingratitude, je tiens \u00e0 f\u00e9liciter et remercier l\u2019ESF au travers son programme de soutien aux personnes motiv\u00e9es \u00e0 \u00e9tudier \u00e0 Kindu par l\u2019entremise de bourses d\u2019\u00e9tudes.<\/p>","protected":false},"excerpt":{"rendered":"<p>Salue tout le monde! Je m\u2019appelle Isaac KINGOMBE VELE, jeune congolais\u00a0; j\u2019habite Kindu chef-lieu de la province du Maniema en R\u00e9publique d\u00e9mocratique du Congo j\u2019ai 28 ans\u00a0; je suis \u00e9tudiant en premi\u00e8re ann\u00e9e de Licence option faune et flore d\u00e9partement de gestion des ressources naturelles et renouvelables,\u00a0 facult\u00e9 d\u2019Agronomie de l\u2019universit\u00e9 de Kindu. Je parle 4 langues\u00a0: Fran\u00e7ais, swahili, lingala et un peu l\u2019anglais. A l\u2019universit\u00e9, ma mati\u00e8re pr\u00e9f\u00e9r\u00e9e est\u00a0: la dynamique des syst\u00e8mes environnementaux et reboisement car la gestion des ressources naturelles, la protection de la nature et des esp\u00e8ces sont devenues un enjeu important alors que l\u2019humanit\u00e9 s\u2019\u00e9tend d\u00e9mographiquement et termes d\u2019empreinte \u00e9cologique. Je souhaite devenir gestionnaire des ressources naturelles plus tard et professeur d\u2019universit\u00e9. Mon projet personnel est l\u2019\u00e9levage des poules et abeilles ou \u00ab\u00a0APICULTURE\u00a0\u00bb. C\u2019est une id\u00e9e qui va contribuer \u00e0 l\u2019am\u00e9lioration des conditions de vies des m\u00e9nages, promouvoir l\u2019entrepreneuriat et procurer \u00e0 la population un miel de bonne qualit\u00e9. Dans ma vie j\u2019aime faire les d\u00e9couvertes et d\u2019une am\u00e9lioration de moi-m\u00eame pour aider les autres \u00e0 \u00eatre heureux. Je reste ouvert \u00e0 toute opportunit\u00e9 qui se pr\u00e9sente \u00e0 moi et qui me permet de vivre de nouvelles exp\u00e9riences\u00a0; autres choses\u00a0: j\u2019aime la musique, la sinc\u00e9rit\u00e9, la transparence\u2026 Je m\u2019accepte comme je suis. Enfin pour n\u2019est pas \u00eatre dans les mailles tr\u00e8s s\u00e9r\u00e9 du filet d\u2019ingratitude, je tiens \u00e0 f\u00e9liciter et remercier l\u2019ESF au travers son programme de soutien aux personnes motiv\u00e9es \u00e0 \u00e9tudier \u00e0 Kindu par l\u2019entremise de bourses d\u2019\u00e9tudes.<\/p>\n","protected":false},"author":35,"featured_media":0,"comment_status":"closed","ping_status":"open","sticky":false,"template":"","format":"standard","meta":{"ngg_post_thumbnail":0},"categories":[32],"tags":[],"_links":{"self":[{"href":"https:\/\/old.studieren-ohne-grenzen.org\/fr\/wp-json\/wp\/v2\/posts\/4124"}],"collection":[{"href":"https:\/\/old.studieren-ohne-grenzen.org\/fr\/wp-json\/wp\/v2\/posts"}],"about":[{"href":"https:\/\/old.studieren-ohne-grenzen.org\/fr\/wp-json\/wp\/v2\/types\/post"}],"author":[{"embeddable":true,"href":"https:\/\/old.studieren-ohne-grenzen.org\/fr\/wp-json\/wp\/v2\/users\/35"}],"replies":[{"embeddable":true,"href":"https:\/\/old.studieren-ohne-grenzen.org\/fr\/wp-json\/wp\/v2\/comments?post=4124"}],"version-history":[{"count":3,"href":"https:\/\/old.studieren-ohne-grenzen.org\/fr\/wp-json\/wp\/v2\/posts\/4124\/revisions"}],"predecessor-version":[{"id":4127,"href":"https:\/\/old.studieren-ohne-grenzen.org\/fr\/wp-json\/wp\/v2\/posts\/4124\/revisions\/4127"}],"wp:attachment":[{"href":"https:\/\/old.studieren-ohne-grenzen.org\/fr\/wp-json\/wp\/v2\/media?parent=4124"}],"wp:term":[{"taxonomy":"category","embeddable":true,"href":"https:\/\/old.studieren-ohne-grenzen.org\/fr\/wp-json\/wp\/v2\/categories?post=4124"},{"taxonomy":"post_tag","embeddable":true,"href":"https:\/\/old.studieren-ohne-grenzen.org\/fr\/wp-json\/wp\/v2\/tags?post=4124"}],"curies":[{"name":"wp","href":"https:\/\/api.w.org\/{rel}","templated":true}]}}