{"id":3477,"date":"2015-05-21T14:42:25","date_gmt":"2015-05-21T12:42:25","guid":{"rendered":"https:\/\/www.studieren-ohne-grenzen.org\/?p=3477"},"modified":"2015-05-30T18:27:13","modified_gmt":"2015-05-30T16:27:13","slug":"nestor-stellt-sein-projekt-vor","status":"publish","type":"post","link":"https:\/\/old.studieren-ohne-grenzen.org\/fr\/nestor-stellt-sein-projekt-vor\/","title":{"rendered":"Nestor pr\u00e9sente son projet"},"content":{"rendered":"<p>Je suis Nestor Songolo Kyanza; je suis \u00e9tudiant en Gestion des Ressources Humaines \u00e0 l\u2019Institut Sup\u00e9rieur d\u2019Informatique et Gestion d\u2019Entreprise dans la ville de Kindu en R\u00e9publique D\u00e9mocratique du Congo; actuellement je suis en deuxi\u00e8me ann\u00e9e de graduat.<\/p>\n<p>Je suis \u00e0 temps plein aux \u00e9tudes et quand nous sortons de l\u2019universit\u00e9, je travail ensemble avec mon \u00e9quipe de projet des briques c\u2019est-\u00e0-dire nous fa\u00e7onnons les briques puis nous les enfournons pour enfin les vendre aux particulier et aux organisation. C\u2019est projet c\u2019est une initiative donn\u00e9e par ESF en d\u00e9but de ma prise en charge. Chaque semaine je r\u00e9alise deux heures de travail social dans une \u00e9quipe de 5 personnes avec les amis boursiers d\u2019ESF dont Ir\u00e8ne, Tceusi, Venant et Elias.<\/p>\n<p>Enfin je veux dire que j\u2019\u00e9tais un jeune sans avenir, malgr\u00e9 les potentialit\u00e9s que regorge notre pays, mais gr\u00e2ce \u00e0 ESF je suis parmi les prochains meilleure jeunes de ma province et m\u00eame de mon pays.<\/p>\n<p>J\u2019aime la musique comme loisir et la gestion et pr\u00e9vention des conflits comme projet; juste pour pr\u00e9venir les crises politique.<\/p>","protected":false},"excerpt":{"rendered":"<p>Je suis Nestor Songolo Kyanza; je suis \u00e9tudiant en Gestion des Ressources Humaines \u00e0 l\u2019Institut Sup\u00e9rieur d\u2019Informatique et Gestion d\u2019Entreprise dans la ville de Kindu en R\u00e9publique D\u00e9mocratique du Congo; actuellement je suis en deuxi\u00e8me ann\u00e9e de graduat. Je suis \u00e0 temps plein aux \u00e9tudes et quand nous sortons de l\u2019universit\u00e9, je travail ensemble avec mon \u00e9quipe de projet des briques c\u2019est-\u00e0-dire nous fa\u00e7onnons les briques puis nous les enfournons pour enfin les vendre aux particulier et aux organisation. C\u2019est projet c\u2019est une initiative donn\u00e9e par ESF en d\u00e9but de ma prise en charge. Chaque semaine je r\u00e9alise deux heures de travail social dans une \u00e9quipe de 5 personnes avec les amis boursiers d\u2019ESF dont Ir\u00e8ne, Tceusi, Venant et Elias. Enfin je veux dire que j\u2019\u00e9tais un jeune sans avenir, malgr\u00e9 les potentialit\u00e9s que regorge notre pays, mais gr\u00e2ce \u00e0 ESF je suis parmi les prochains meilleure jeunes de ma province et m\u00eame de mon pays. J\u2019aime la musique comme loisir et la gestion et pr\u00e9vention des conflits comme projet; juste pour pr\u00e9venir les crises politique.<\/p>\n","protected":false},"author":35,"featured_media":0,"comment_status":"open","ping_status":"open","sticky":false,"template":"","format":"standard","meta":{"ngg_post_thumbnail":0},"categories":[32],"tags":[],"_links":{"self":[{"href":"https:\/\/old.studieren-ohne-grenzen.org\/fr\/wp-json\/wp\/v2\/posts\/3477"}],"collection":[{"href":"https:\/\/old.studieren-ohne-grenzen.org\/fr\/wp-json\/wp\/v2\/posts"}],"about":[{"href":"https:\/\/old.studieren-ohne-grenzen.org\/fr\/wp-json\/wp\/v2\/types\/post"}],"author":[{"embeddable":true,"href":"https:\/\/old.studieren-ohne-grenzen.org\/fr\/wp-json\/wp\/v2\/users\/35"}],"replies":[{"embeddable":true,"href":"https:\/\/old.studieren-ohne-grenzen.org\/fr\/wp-json\/wp\/v2\/comments?post=3477"}],"version-history":[{"count":3,"href":"https:\/\/old.studieren-ohne-grenzen.org\/fr\/wp-json\/wp\/v2\/posts\/3477\/revisions"}],"predecessor-version":[{"id":3644,"href":"https:\/\/old.studieren-ohne-grenzen.org\/fr\/wp-json\/wp\/v2\/posts\/3477\/revisions\/3644"}],"wp:attachment":[{"href":"https:\/\/old.studieren-ohne-grenzen.org\/fr\/wp-json\/wp\/v2\/media?parent=3477"}],"wp:term":[{"taxonomy":"category","embeddable":true,"href":"https:\/\/old.studieren-ohne-grenzen.org\/fr\/wp-json\/wp\/v2\/categories?post=3477"},{"taxonomy":"post_tag","embeddable":true,"href":"https:\/\/old.studieren-ohne-grenzen.org\/fr\/wp-json\/wp\/v2\/tags?post=3477"}],"curies":[{"name":"wp","href":"https:\/\/api.w.org\/{rel}","templated":true}]}}